{"id":1157,"date":"2017-03-28T10:56:44","date_gmt":"2017-03-28T08:56:44","guid":{"rendered":"https:\/\/www.gustav-und-co.de\/?p=1157"},"modified":"2017-09-28T16:00:55","modified_gmt":"2017-09-28T14:00:55","slug":"die-nieparser-schule-ist-eine-starke-schule","status":"publish","type":"post","link":"https:\/\/www.schule-niepars.de\/?p=1157","title":{"rendered":"Starke Schule 2017"},"content":{"rendered":"<h2 class=\"p1\">Die Nieparser Schule ist eine \u201eStarke Schule\u201c<\/h2>\n<p class=\"p1\"><span class=\"s1\">\u201eJa, so eine Schule ist schon echt toll, jede Menge Angebote f\u00fcr die jungen Leute &#8211; deshalb wurde Niepars bestimmt auch als `Starke Schule` ausgezeichnet\u201c, so res\u00fcmierten Franziska Bennemann und Heidi Sellenthin in ihrer kleinen Theaterpr\u00e4sentation auf der Auszeichnungsveranstaltung zum Wettbewerb \u201eStarke Schule-Deutschlands beste Schulen, die zur Ausbildungsreife f\u00fchren\u201c in Schwerin.<\/span><\/p>\n<p class=\"p1\"><span class=\"s1\">Bereits zum dritten Mal hatten sich die Nieparser Sch\u00fcler und Lehrer an dem gr\u00f6\u00dften deutschlandweiten Schulwettbewerb beteiligt und waren nach dem vierten Platz im Jahr 2013 nun unwahrscheinlich stolz, dass sie in diesem Jahr zu den Top 3 im Bundesland geh\u00f6rten.<\/span> <span class=\"s1\">Der Wettbewerb wird von der Gemeinn\u00fctzigen Hertie-Stiftung in Zusammenarbeit mit der Bundesagentur f\u00fcr Arbeit, der Bundesvereinigung der Deutschen Arbeitgeberverb\u00e4nde, der Deutschen Bank Stiftung und dem Bildungsministerium durchgef\u00fchrt und findet alle zwei Jahre statt. Am 23.03.2017 fand im Goldenen Saal des Neust\u00e4dtischen Palais in Schwerin die Auszeichnungsveranstaltung statt.<br \/>\n<\/span><span class=\"s1\"><br \/>\nAlle Siegerschulen, mit der Rostocker Krusensternschule als Landessieger, der Regionalen Schule mit Grundschule Gingst auf dem zweiten Platz und der Regionalen Schule\u201eProf. Gustav Pflugradt\u201c auf Platz drei wurden mit einer sehr wertsch\u00e4tzenden Laudatio, einer Urkunde und einem Preisgeld geehrt.<br \/>\n<\/span><span class=\"s1\"><br \/>\nJens Matschenz als Vertreter der Arbeitgeberverb\u00e4nde erw\u00e4hnte in seiner Rede nicht nur die kulturelle Vielfalt, die sportlichen Aktivit\u00e4ten, Arbeitsgemeinschaften, Projekte, Schulpartnerschaften, die Sch\u00fclerfirma und eine gesundheitsbewusste Lebensweise sondern er lobte auch das Resultat dieser Arbeit: Alle Sch\u00fcler verlie\u00dfen die Nieparser Schule mit einem Abschluss und gingen in Ausbildungsbetriebe oder weiterf\u00fchrende Bildungseinrichtung \u00fcber. Die intensive Berufsorientierung mit lokaler Berufsmesse und die enge Kooperation mit vielen Partnern ist ein fester Bestandteil dieser Schule, die auch weiterhin eine hohe Qualit\u00e4t des Unterrichts und die kontinuierliche Schulentwicklung anstrebt.<br \/>\nDer Titel \u201eStarke Schule\u201c ist Anerkennung und Ansporn f\u00fcr die t\u00e4gliche gemeinsame Arbeit.<\/span><\/p>\n<div id='gallery-1' class='gallery galleryid-1157 gallery-columns-3 gallery-size-thumbnail'><figure class='gallery-item'>\n\t\t\t<div class='gallery-icon landscape'>\n\t\t\t\t<a href='https:\/\/www.schule-niepars.de\/?attachment_id=2012'><img loading=\"lazy\" decoding=\"async\" width=\"150\" height=\"150\" src=\"https:\/\/www.schule-niepars.de\/wp-content\/uploads\/2017\/08\/starke_schule3-150x150.jpg\" class=\"attachment-thumbnail size-thumbnail\" alt=\"\" \/><\/a>\n\t\t\t<\/div><\/figure><figure class='gallery-item'>\n\t\t\t<div class='gallery-icon landscape'>\n\t\t\t\t<a href='https:\/\/www.schule-niepars.de\/?attachment_id=2017'><img loading=\"lazy\" decoding=\"async\" width=\"150\" height=\"150\" src=\"https:\/\/www.schule-niepars.de\/wp-content\/uploads\/2017\/08\/starke_schule8-150x150.jpg\" class=\"attachment-thumbnail size-thumbnail\" alt=\"\" \/><\/a>\n\t\t\t<\/div><\/figure><figure class='gallery-item'>\n\t\t\t<div class='gallery-icon landscape'>\n\t\t\t\t<a href='https:\/\/www.schule-niepars.de\/?attachment_id=2013'><img loading=\"lazy\" decoding=\"async\" width=\"150\" height=\"150\" src=\"https:\/\/www.schule-niepars.de\/wp-content\/uploads\/2017\/08\/starke_schule4-150x150.jpg\" class=\"attachment-thumbnail size-thumbnail\" alt=\"\" \/><\/a>\n\t\t\t<\/div><\/figure><figure class='gallery-item'>\n\t\t\t<div class='gallery-icon landscape'>\n\t\t\t\t<a href='https:\/\/www.schule-niepars.de\/?attachment_id=2018'><img loading=\"lazy\" decoding=\"async\" width=\"150\" height=\"150\" src=\"https:\/\/www.schule-niepars.de\/wp-content\/uploads\/2017\/08\/starke_schule9-150x150.jpg\" class=\"attachment-thumbnail size-thumbnail\" alt=\"\" \/><\/a>\n\t\t\t<\/div><\/figure><figure class='gallery-item'>\n\t\t\t<div class='gallery-icon landscape'>\n\t\t\t\t<a href='https:\/\/www.schule-niepars.de\/?attachment_id=2016'><img loading=\"lazy\" decoding=\"async\" width=\"150\" height=\"150\" src=\"https:\/\/www.schule-niepars.de\/wp-content\/uploads\/2017\/08\/starke_schule7-150x150.jpg\" class=\"attachment-thumbnail size-thumbnail\" alt=\"\" \/><\/a>\n\t\t\t<\/div><\/figure><figure class='gallery-item'>\n\t\t\t<div class='gallery-icon landscape'>\n\t\t\t\t<a href='https:\/\/www.schule-niepars.de\/?attachment_id=2014'><img loading=\"lazy\" decoding=\"async\" width=\"150\" height=\"150\" src=\"https:\/\/www.schule-niepars.de\/wp-content\/uploads\/2017\/08\/starke_schule5-150x150.jpg\" class=\"attachment-thumbnail size-thumbnail\" alt=\"\" \/><\/a>\n\t\t\t<\/div><\/figure><figure class='gallery-item'>\n\t\t\t<div class='gallery-icon landscape'>\n\t\t\t\t<a href='https:\/\/www.schule-niepars.de\/?attachment_id=2015'><img loading=\"lazy\" decoding=\"async\" width=\"150\" height=\"150\" src=\"https:\/\/www.schule-niepars.de\/wp-content\/uploads\/2017\/08\/starke_schule6-150x150.jpg\" class=\"attachment-thumbnail size-thumbnail\" alt=\"\" \/><\/a>\n\t\t\t<\/div><\/figure>\n\t\t<\/div>\n\n","protected":false},"excerpt":{"rendered":"<p>Die Nieparser Schule ist eine \u201eStarke Schule\u201c \u201eJa, so eine Schule ist schon echt toll, jede Menge Angebote f\u00fcr die jungen Leute &#8211; deshalb wurde Niepars bestimmt auch als `Starke Schule` ausgezeichnet\u201c, so res\u00fcmierten Franziska Bennemann und Heidi Sellenthin in ihrer kleinen Theaterpr\u00e4sentation auf der Auszeichnungsveranstaltung zum Wettbewerb \u201eStarke Schule-Deutschlands beste Schulen, die zur Ausbildungsreife f\u00fchren\u201c in Schwerin. Bereits zum dritten Mal hatten sich die Nieparser Sch\u00fcler und Lehrer an dem gr\u00f6\u00dften deutschlandweiten Schulwettbewerb beteiligt und waren nach dem vierten Platz im Jahr 2013 nun unwahrscheinlich stolz, dass sie in diesem Jahr zu den Top 3 im Bundesland geh\u00f6rten. Der <a href=\"https:\/\/www.schule-niepars.de\/?p=1157\" class=\"read-more\">&#8230; Weiterlesen &#8230;<\/a><\/p>\n","protected":false},"author":4,"featured_media":2352,"comment_status":"closed","ping_status":"closed","sticky":false,"template":"","format":"standard","meta":{"footnotes":""},"categories":[2,82,4],"tags":[17,69],"class_list":["post-1157","post","type-post","status-publish","format-standard","has-post-thumbnail","hentry","category-aktuelles","category-berufsorientierung","category-wettbewerbe","tag-berufsorientierung","tag-starke-schule"],"_links":{"self":[{"href":"https:\/\/www.schule-niepars.de\/index.php?rest_route=\/wp\/v2\/posts\/1157","targetHints":{"allow":["GET"]}}],"collection":[{"href":"https:\/\/www.schule-niepars.de\/index.php?rest_route=\/wp\/v2\/posts"}],"about":[{"href":"https:\/\/www.schule-niepars.de\/index.php?rest_route=\/wp\/v2\/types\/post"}],"author":[{"embeddable":true,"href":"https:\/\/www.schule-niepars.de\/index.php?rest_route=\/wp\/v2\/users\/4"}],"replies":[{"embeddable":true,"href":"https:\/\/www.schule-niepars.de\/index.php?rest_route=%2Fwp%2Fv2%2Fcomments&post=1157"}],"version-history":[{"count":3,"href":"https:\/\/www.schule-niepars.de\/index.php?rest_route=\/wp\/v2\/posts\/1157\/revisions"}],"predecessor-version":[{"id":2022,"href":"https:\/\/www.schule-niepars.de\/index.php?rest_route=\/wp\/v2\/posts\/1157\/revisions\/2022"}],"wp:featuredmedia":[{"embeddable":true,"href":"https:\/\/www.schule-niepars.de\/index.php?rest_route=\/wp\/v2\/media\/2352"}],"wp:attachment":[{"href":"https:\/\/www.schule-niepars.de\/index.php?rest_route=%2Fwp%2Fv2%2Fmedia&parent=1157"}],"wp:term":[{"taxonomy":"category","embeddable":true,"href":"https:\/\/www.schule-niepars.de\/index.php?rest_route=%2Fwp%2Fv2%2Fcategories&post=1157"},{"taxonomy":"post_tag","embeddable":true,"href":"https:\/\/www.schule-niepars.de\/index.php?rest_route=%2Fwp%2Fv2%2Ftags&post=1157"}],"curies":[{"name":"wp","href":"https:\/\/api.w.org\/{rel}","templated":true}]}}