{"id":7875,"date":"2025-09-02T10:06:54","date_gmt":"2025-09-02T08:06:54","guid":{"rendered":"https:\/\/www.schule-niepars.de\/?p=7875"},"modified":"2025-09-02T10:10:55","modified_gmt":"2025-09-02T08:10:55","slug":"the-big-challenge-2022-23-2-2","status":"publish","type":"post","link":"https:\/\/www.schule-niepars.de\/?p=7875","title":{"rendered":"The Big Challenge 2025"},"content":{"rendered":"<h3 align=\"center\"><\/h3>\n<h2 style=\"text-align: left;\" align=\"center\"><b><strong>The BIG Challenge 2025 \u2013 Preisverleihung und Ehrung der Jahrgangsbesten<\/strong><\/b><\/h2>\n<p>Wie jedes Schuljahr wurden auch im Schuljahr 2024\/25 die Teilnehmer des internationalen Englischwettbewerbs \u201eThe BIG Challenge\u201c geehrt und mit Preisen bedacht. An unserer Schule gab es wieder einmal viele Teilnehmer, die sich der Herausforderung stellten und in den letzten Schulwochen mit Preisen bedacht wurden.<\/p>\n<p>Aufgrund der Bauma\u00dfnahmen fand die Preisvergabe f\u00fcr alle Teilnehmer dieses Jahr nicht in der Aula, sondern in der Sporthalle statt und nat\u00fcrlich wurden die Jahrgangsbesten wieder am letzten Schultag in der Schulversammlung auf gro\u00dfer B\u00fchne geehrt.<\/p>\n<p>Stolze 55 Teilnehmer des Wettbewerbs erhielten alle mindestens eine Urkunde, ein Poster und einen Big Challenge-Bleistift. Da wir viele Sch\u00fclerinnen und Sch\u00fcler mit sehr guten Ergebnissen an unserer Schule hatten, konnten auch viele Extrapreise wie Kalender, Lekt\u00fcre- und Quizhefte, Zugangscodes f\u00fcr Audiobooks, Anstecker, Schl\u00fcsselanh\u00e4nger und vieles mehr verliehen werden.<\/p>\n<p>Traditionell hat unsere Schule im Bundeslandvergleich \u00fcberdurchschnittliche gute Teilnehmer und das war auch in diesem Jahr der Fall. Besonders bemerkenswert ist, dass auch Sch\u00fclerinnen und Sch\u00fcler der h\u00f6heren Klassen noch mit so viel Freude und Erfolg teilnehmen. Hervorzuheben ist hierbei Eddy Lukat aus der Klasse 9a, der den vierten Platz im Bundesland belegte und auch sein Bruder Theo Lukat landete im Bundeslandvergleich im Jahrgang 5, in dem immer die h\u00f6chsten Teilnehmerzahlen zu verzeichnen sind, auf einem der vorderen Pl\u00e4tze.<\/p>\n<p>Regelm\u00e4\u00dfige Teilnehmer des Wettbewerbs wie Annabell B\u00f6ttcher (Klasse 8b) und Nero Kugenbuch (7b) errangen ebenfalls mit den Pl\u00e4tzen 11 und 13 im gesamten Bundesland in ihren Jahrg\u00e4ngen Spitzenpositionen.<\/p>\n<p>Alle Jahrgangsbesten erhielten nat\u00fcrlich neben den Extra-Preisen auch besonders schicke Urkunden und wie Theo und Eddy Lukat sogar noch eine Medaille bzw. einen Pokal als besondere Anerkennung ihrer Leistung auf Landesebene.<\/p>\n<p>Die Fachschaft Englisch gratuliert allen Teilnehmern nochmals ganz herzlich und hofft darauf, dass auch im Schuljahr 2025\/26 wieder so viele Sch\u00fcler so erfolgreich teilnehmen werden.<\/p>\n<p align=\"left\">Die drei besten Sch\u00fclerinnen und Sch\u00fcler der Regionalen Schule Niepars in diesem Jahr nach Jahrgang:<\/p>\n<p align=\"left\">Jahrgang 5<br \/>\n1. Platz \u2013 Theo Lukat, 5a<br \/>\n2. Platz \u2013 Phibie Witthinrich, 5c<br \/>\n3. Platz \u2013 Jonas Koller, 5a<\/p>\n<p align=\"left\">Jahrgang 6<br \/>\n1. Platz \u2013 Isabell Bentin, 6b<br \/>\n2. Platz \u2013 Emie-Lou Diebowski, 6a<br \/>\n3. Platz \u2013 Gino Grassow, 6a<\/p>\n<p align=\"left\">Jahrgang 7<br \/>\n1. Platz \u2013 Nero Kugenbuch, 7a<br \/>\n2. Platz \u2013 Emely Kr\u00e4ge, 7b<br \/>\n3. Platz \u2013 Nancy Schl\u00fcter, 7b<\/p>\n<p align=\"left\">Jahrgang 8<br \/>\n1. Platz \u2013 Annabell B\u00f6ttcher, 8b<br \/>\n2. Platz \u2013 Zoe Bollenhagen, 8a<\/p>\n<p align=\"left\">Jahrgang 9<br \/>\n1. Platz \u2013 Eddy Lukat, 9a<br \/>\n2. Platz \u2013 Marie J\u00fcntschke, 9b<br \/>\n3. Platz \u2013 Fiete Stahnke, 9a<\/p>\n<div id='gallery-1' class='gallery galleryid-7875 gallery-columns-3 gallery-size-thumbnail'><figure class='gallery-item'>\n\t\t\t<div class='gallery-icon landscape'>\n\t\t\t\t<a href='https:\/\/www.schule-niepars.de\/?attachment_id=7873'><img loading=\"lazy\" decoding=\"async\" width=\"150\" height=\"150\" src=\"https:\/\/www.schule-niepars.de\/wp-content\/uploads\/2025\/09\/challenge-2025_2-150x150.jpg\" class=\"attachment-thumbnail size-thumbnail\" alt=\"\" \/><\/a>\n\t\t\t<\/div><\/figure><figure class='gallery-item'>\n\t\t\t<div class='gallery-icon landscape'>\n\t\t\t\t<a href='https:\/\/www.schule-niepars.de\/?attachment_id=7872'><img loading=\"lazy\" decoding=\"async\" width=\"150\" height=\"150\" src=\"https:\/\/www.schule-niepars.de\/wp-content\/uploads\/2025\/09\/challenge-2025_1-150x150.jpg\" class=\"attachment-thumbnail size-thumbnail\" alt=\"\" \/><\/a>\n\t\t\t<\/div><\/figure>\n\t\t<\/div>\n\n","protected":false},"excerpt":{"rendered":"<p>The BIG Challenge 2025 \u2013 Preisverleihung und Ehrung der Jahrgangsbesten Wie jedes Schuljahr wurden auch im Schuljahr 2024\/25 die Teilnehmer des internationalen Englischwettbewerbs \u201eThe BIG Challenge\u201c geehrt und mit Preisen bedacht. An unserer Schule gab es wieder einmal viele Teilnehmer, die sich der Herausforderung stellten und in den letzten Schulwochen mit Preisen bedacht wurden. Aufgrund der Bauma\u00dfnahmen fand die Preisvergabe f\u00fcr alle Teilnehmer dieses Jahr nicht in der Aula, sondern in der Sporthalle statt und nat\u00fcrlich wurden die Jahrgangsbesten wieder am letzten Schultag in der Schulversammlung auf gro\u00dfer B\u00fchne geehrt. Stolze 55 Teilnehmer des Wettbewerbs erhielten alle mindestens eine Urkunde, <a href=\"https:\/\/www.schule-niepars.de\/?p=7875\" class=\"read-more\">&#8230; Weiterlesen &#8230;<\/a><\/p>\n","protected":false},"author":3,"featured_media":7874,"comment_status":"closed","ping_status":"closed","sticky":false,"template":"","format":"standard","meta":{"footnotes":""},"categories":[2,4],"tags":[19,27,67],"class_list":["post-7875","post","type-post","status-publish","format-standard","has-post-thumbnail","hentry","category-aktuelles","category-wettbewerbe","tag-big-challenge","tag-englisch","tag-sprachen"],"_links":{"self":[{"href":"https:\/\/www.schule-niepars.de\/index.php?rest_route=\/wp\/v2\/posts\/7875","targetHints":{"allow":["GET"]}}],"collection":[{"href":"https:\/\/www.schule-niepars.de\/index.php?rest_route=\/wp\/v2\/posts"}],"about":[{"href":"https:\/\/www.schule-niepars.de\/index.php?rest_route=\/wp\/v2\/types\/post"}],"author":[{"embeddable":true,"href":"https:\/\/www.schule-niepars.de\/index.php?rest_route=\/wp\/v2\/users\/3"}],"replies":[{"embeddable":true,"href":"https:\/\/www.schule-niepars.de\/index.php?rest_route=%2Fwp%2Fv2%2Fcomments&post=7875"}],"version-history":[{"count":2,"href":"https:\/\/www.schule-niepars.de\/index.php?rest_route=\/wp\/v2\/posts\/7875\/revisions"}],"predecessor-version":[{"id":7877,"href":"https:\/\/www.schule-niepars.de\/index.php?rest_route=\/wp\/v2\/posts\/7875\/revisions\/7877"}],"wp:featuredmedia":[{"embeddable":true,"href":"https:\/\/www.schule-niepars.de\/index.php?rest_route=\/wp\/v2\/media\/7874"}],"wp:attachment":[{"href":"https:\/\/www.schule-niepars.de\/index.php?rest_route=%2Fwp%2Fv2%2Fmedia&parent=7875"}],"wp:term":[{"taxonomy":"category","embeddable":true,"href":"https:\/\/www.schule-niepars.de\/index.php?rest_route=%2Fwp%2Fv2%2Fcategories&post=7875"},{"taxonomy":"post_tag","embeddable":true,"href":"https:\/\/www.schule-niepars.de\/index.php?rest_route=%2Fwp%2Fv2%2Ftags&post=7875"}],"curies":[{"name":"wp","href":"https:\/\/api.w.org\/{rel}","templated":true}]}}