{"id":8131,"date":"2026-03-13T16:28:53","date_gmt":"2026-03-13T15:28:53","guid":{"rendered":"https:\/\/www.schule-niepars.de\/?p=8131"},"modified":"2026-03-15T17:40:43","modified_gmt":"2026-03-15T16:40:43","slug":"berufswahl-siegel-2026","status":"publish","type":"post","link":"https:\/\/www.schule-niepars.de\/?p=8131","title":{"rendered":"Berufswahl-SIEGEL 2026"},"content":{"rendered":"<h2>Rezertifizierung des Berufswahl-SIEGELs an der Regionalen Schule Niepars<\/h2>\n<p align=\"justify\"><span style=\"font-family: Times New Roman, serif;\"><span style=\"font-size: large;\">Die Regionale Schule Niepars \u201eProf. Gustav Pflugradt\u201c hat erneut einen wichtigen Meilenstein in der Berufsorientierung erreicht: Am <\/span><span style=\"font-size: large;\">17. Dezember 2025 <\/span><span style=\"font-size: large;\">fand an unserer Schule das Audit zur <\/span><span style=\"font-size: large;\">Rezertifizierung des Berufswahl-SIEGELs<\/span><span style=\"font-size: large;\"> statt. In der Zeit von <\/span><span style=\"font-size: large;\">9:00 bis 14:30 Uhr<\/span><span style=\"font-size: large;\"> \u00fcberpr\u00fcfte eine Jury aus Expertinnen und Experten die Qualit\u00e4t unserer Berufsorientierung. Als Juroren waren <\/span><span style=\"font-size: large;\">Frau Drewniak<\/span><span style=\"font-size: large;\"> vom <\/span><span style=\"font-size: large;\">Institut f\u00fcr Talententwicklung<\/span><span style=\"font-size: large;\"> in Stralsund sowie <\/span><span style=\"font-size: large;\">Herr K\u00f6pcke<\/span><span style=\"font-size: large;\"> von der <\/span><span style=\"font-size: large;\">Agentur f\u00fcr Arbeit <\/span><span style=\"font-size: large;\">Greifswald anwesend. Die Auditleitung \u00fcbernahm <\/span><span style=\"font-size: large;\">Herr Schulze-B\u00f6rner<\/span><span style=\"font-size: large;\"> vom <\/span><span style=\"font-size: large;\">Institut f\u00fcr Qualit\u00e4tsentwicklung MV<\/span><span style=\"font-size: large;\">. Im Rahmen des Audits wurden die zahlreichen Aktivit\u00e4ten unserer Schule im Bereich der <\/span><span style=\"font-size: large;\">Berufsorientierung (BO)<\/span><span style=\"font-size: large;\"> intensiv vorgestellt und gemeinsam reflektiert. Dabei w\u00fcrdigte die Jury insbesondere die gro\u00dfen St\u00e4rken unserer Schule: Es wurde festgestellt, dass die Regionale Schule Niepars in <\/span><span style=\"font-size: large;\">beeindruckender Weise eine qualitativ hochwertige und nachhaltige Berufsorientierung etabliert hat<\/span><span style=\"font-size: large;\">.<\/span><\/span><\/p>\n<p align=\"justify\"><span style=\"font-family: Times New Roman, serif;\"><span style=\"font-size: large;\">Besonders positiv hervorgehoben wurde au\u00dferdem, dass die beim letzten Audit festgelegten Entwicklungspotenziale konsequent umgesetzt wurden. Dazu z\u00e4hlen unter anderem:<\/span><\/span><\/p>\n<ul>\n<li><span style=\"font-family: Times New Roman, serif;\"><span style=\"font-size: large;\">die <\/span><span style=\"font-size: large;\">digitale Evaluation von Ma\u00dfnahmen<\/span><\/span><\/li>\n<li><span style=\"font-family: Times New Roman, serif;\"><span style=\"font-size: large;\">die <\/span><span style=\"font-size: large;\">fach\u00fcbergreifende Zusammenarbeit innerhalb des Unterrichts sowie<\/span><\/span><\/li>\n<li><span style=\"font-family: Times New Roman, serif;\"><span style=\"font-size: large;\">die <\/span><span style=\"font-size: large;\">stetige Zusammenarbeit mit regionalen und \u00fcberregionalen Kooperationspartnern.<\/span><\/span><\/li>\n<\/ul>\n<p align=\"justify\"><span style=\"font-family: Times New Roman, serif;\"><span style=\"font-size: large;\">Das Audit zeigte deutlich, dass <\/span><span style=\"font-size: large;\">alle zuvor benannten Entwicklungspotenziale erfolgreich bearbeitet wurden<\/span><span style=\"font-size: large;\"> und keine offenen Punkte aus der letzten Zertifizierungsrunde bestehen. Auf Grundlage dieser Ergebnisse sprach die Jury eine klare Empfehlung aus: Die <\/span><span style=\"font-size: large;\">Regionale Schule Niepars \u201eProf. Gustav Pflugradt\u201c<\/span><span style=\"font-size: large;\"> erh\u00e4lt im Rahmen der Rezertifizierung erneut das <\/span><span style=\"font-size: large;\">Berufswahl-SIEGEL <\/span><span style=\"font-size: large;\">als <\/span><span style=\"font-size: large;\">\u201eSchule mit vorbildlicher beruflicher Orientierung\u201c<\/span><span style=\"font-size: large;\"> und das <\/span><span style=\"font-size: large;\">f\u00fcr weitere vier Jahre<\/span><span style=\"font-size: large;\">. Diese Auszeichnung best\u00e4tigt die engagierte Arbeit unseres gesamten Kollegiums sowie die enge Zusammenarbeit mit unseren Partnern aus Wirtschaft, Institutionen und der Region.<\/span><\/span><\/p>\n<p align=\"justify\"><span style=\"font-family: Times New Roman, serif;\"><span style=\"font-size: large;\">Wir bedanken uns herzlich bei allen Beteiligten f\u00fcr die <\/span><span style=\"font-size: large;\">Unterst\u00fctzung und Begleitung im gesamten Zertifizierungsprozess<\/span><span style=\"font-size: large;\"> sowie bei der Jury f\u00fcr den wertsch\u00e4tzenden Austausch und die Anerkennung unserer Arbeit. <\/span><span style=\"font-size: large;\">Mit gro\u00dfer Freude und voller Vorfreude blicken wir nun auf die feierliche \u00dcbergabe des Siegels im April 2026.<\/span><span style=\"font-size: large;\"> Gemeinsam werden wir auch in Zukunft daran arbeiten, unsere Sch\u00fclerinnen und Sch\u00fcler bestm\u00f6glich auf ihren <\/span><span style=\"font-size: large;\">Berufs- und Lebensweg<\/span><span style=\"font-size: large;\"> vorzubereiten.<\/span><\/span><\/p>\n<h3>Klasse 5\/6- Einstieg in die Berufsorientierung<\/h3>\n<ul>\n<li><span style=\"font-family: Times New Roman, serif;\"><span style=\"font-size: large;\">e<\/span><\/span><span style=\"font-family: Times New Roman, serif;\"><span style=\"font-size: large;\">rste technische Grundlagen: Werkstoffbearbeitung, einfache Skizzen, Arbeitsabl\u00e4ufe<\/span><\/span><\/li>\n<li><span style=\"font-family: Times New Roman, serif;\"><span style=\"font-size: large;\">Besuch einer Tischlerei in Schuln\u00e4he<\/span><\/span><\/li>\n<li><span style=\"font-family: Times New Roman, serif;\"><span style=\"font-size: large;\">Grundkenntnisse im Umgang mit dem Computer<\/span><\/span><\/li>\n<li><span style=\"font-family: Times New Roman, serif;\"><span style=\"font-size: large;\">Philosophie: Regelsysteme, Zusammenleben, erste Selbstreflexion<\/span><\/span><\/li>\n<li><span style=\"font-family: Times New Roman, serif;\"><span style=\"font-size: large;\"><b>Mission ICH<\/b><\/span><\/span><span style=\"font-family: Times New Roman, serif;\"><span style=\"font-size: large;\">:<\/span><\/span>\n<ul>\n<li><span style=\"font-family: Times New Roman, serif;\"><span style=\"font-size: large;\">erste Selbsteinsch\u00e4tzung (\u201eWas kann ich? Was macht mir Spa\u00df?\u201c)<\/span><\/span><\/li>\n<li><span style=\"font-family: Times New Roman, serif;\"><span style=\"font-size: large;\">kleines Interessen-Portfolio<\/span><\/span><\/li>\n<li><span style=\"font-family: Times New Roman, serif;\"><span style=\"font-size: large;\">Bewerbungen f\u00fcr die Sch\u00fclerfirma zur St\u00e4rkenreflexion<\/span><\/span><\/li>\n<\/ul>\n<\/li>\n<li><span style=\"font-family: Times New Roman, serif;\"><span style=\"font-size: large;\">Bewerbungen f\u00fcr Sch\u00fclerfirma oder Klassen\u00e4mter zur \u00dcbung des Bewerbungsprozesse<\/span><\/span><\/li>\n<\/ul>\n<h3>Klasse 7- Orientierung und erste Einblicke<\/h3>\n<ul>\n<li><span style=\"font-family: Times New Roman, serif;\"><span style=\"font-size: large;\">AWT: Betriebsformen, Wirtschaftssektoren, technisches Zeichnen, r\u00e4umliches Denken<\/span><\/span><\/li>\n<li><span style=\"font-family: Times New Roman, serif;\"><span style=\"font-size: large;\">Einf\u00fchrung des <\/span><\/span><span style=\"font-family: Times New Roman, serif;\"><span style=\"font-size: large;\">Berufswahlpasses<\/span><\/span><\/li>\n<li><span style=\"font-family: Times New Roman, serif;\"><span style=\"font-size: large;\"><b>Mission ICH<\/b><\/span><\/span><span style=\"font-family: Times New Roman, serif;\"><span style=\"font-size: large;\">:<\/span><\/span>\n<ul>\n<li><span style=\"font-family: Times New Roman, serif;\"><span style=\"font-size: large;\">erste Standortbestimmung im Berufswahlpass<\/span><\/span><\/li>\n<li><span style=\"font-family: Times New Roman, serif;\"><span style=\"font-size: large;\">f<\/span><\/span><span style=\"font-family: Times New Roman, serif;\"><span style=\"font-size: large;\">ormulieren pers\u00f6nlicher Entwicklungsziele<\/span><\/span><\/li>\n<\/ul>\n<\/li>\n<\/ul>\n<h3>Klasse 8- Vertiefung und erste Begegnung mit Betrieben<\/h3>\n<ul>\n<li><span style=\"font-family: Times New Roman, serif;\"><span style=\"font-size: large;\">AWT: \u201eBauen und Wohnen\u201c \u2013 digitales Haus entwerfen, Materialbedarf &amp; Kosten berechnen<\/span><\/span><\/li>\n<li><span style=\"font-family: Times New Roman, serif;\"><span style=\"font-size: large;\">Vorstellung von Berufen aus dem Baubereich<\/span><\/span><\/li>\n<li><span style=\"font-family: Times New Roman, serif;\"><span style=\"font-size: large;\">e<\/span><\/span><span style=\"font-family: Times New Roman, serif;\"><span style=\"font-size: large;\">rste Teilnahme an der <\/span><\/span><span style=\"font-family: Times New Roman, serif;\"><span style=\"font-size: large;\">schulinternen Berufsmesse<\/span><\/span><span style=\"font-family: Times New Roman, serif;\"><span style=\"font-size: large;\"> (Rundgang + Erkundungsbogen)<\/span><\/span><\/li>\n<li><span style=\"font-family: Times New Roman, serif;\"><span style=\"font-size: large;\">Teilnahme an <\/span><\/span><span style=\"font-family: Times New Roman, serif;\"><span style=\"font-size: large;\">\u201eLearn about skills\u201c<\/span><\/span><\/li>\n<li><span style=\"font-family: Times New Roman, serif;\"><span style=\"font-size: large;\">Deutsch: Bewerbung f\u00fcr das Praktikum (Vorbereitung)<\/span><\/span><\/li>\n<li><span style=\"font-family: Times New Roman, serif;\"><span style=\"font-size: large;\">Philosophie: Selbst- und Fremdbild<\/span><\/span><\/li>\n<li><span style=\"font-family: Times New Roman, serif;\"><span style=\"font-size: large;\"><b>Mission ICH<\/b><\/span><\/span><span style=\"font-family: Times New Roman, serif;\"><span style=\"font-size: large;\">:<\/span><\/span>\n<ul>\n<li><span style=\"font-family: Times New Roman, serif;\"><span style=\"font-size: large;\">Interessen analysieren<\/span><\/span><\/li>\n<li><span style=\"font-family: Times New Roman, serif;\"><span style=\"font-size: large;\">eigenes berufliches Selbstbild sch\u00e4rfen<\/span><\/span><\/li>\n<li><span style=\"font-family: Times New Roman, serif;\"><span style=\"font-size: large;\">Reflexion im Berufswahlpass<\/span><\/span><\/li>\n<\/ul>\n<\/li>\n<\/ul>\n<h3>Klasse 9- intensive BO-Phase<\/h3>\n<ul>\n<li><span style=\"font-family: Times New Roman, serif;\"><span style=\"font-size: large;\">AWT: vollst\u00e4ndiger Bewerbungsprozess (Anschreiben, Lebenslauf, Tests, Vorstellungsgespr\u00e4ch)<\/span><\/span><\/li>\n<li><span style=\"font-family: Times New Roman, serif;\"><span style=\"font-size: large;\">Themen wie Ausbildungsvertrag, Rechte &amp; Pflichten, Alternativen<\/span><\/span><\/li>\n<li><span style=\"font-family: Times New Roman, serif;\"><span style=\"font-size: large;\">Deutsch: Lebenslauf, Bewerbung <\/span><\/span><span style=\"font-family: Times New Roman, serif;\"><span style=\"font-size: large;\">und<\/span><\/span><span style=\"font-family: Times New Roman, serif;\"><span style=\"font-size: large;\"> Gespr\u00e4chsf\u00fchrung<\/span><\/span><\/li>\n<li><span style=\"font-family: Times New Roman, serif;\"><span style=\"font-size: large;\">Philosophie: Arbeitspl\u00e4tze, Arbeitsvorg\u00e4nge <\/span><\/span><span style=\"font-family: Times New Roman, serif;\"><span style=\"font-size: large;\">und<\/span><\/span><span style=\"font-family: Times New Roman, serif;\"><span style=\"font-size: large;\"> Berufsvorstellungen<\/span><\/span><\/li>\n<li><span style=\"font-family: Times New Roman, serif;\"><span style=\"font-size: large;\">Besuch des Berufsberaters<\/span><\/span><\/li>\n<li><span style=\"font-family: Times New Roman, serif;\"><span style=\"font-size: large;\">BOM-Tage Bewerbertraining<\/span><\/span><\/li>\n<li><span style=\"font-family: Times New Roman, serif;\"><span style=\"font-size: large;\">z<\/span><\/span><span style=\"font-family: Times New Roman, serif;\"><span style=\"font-size: large;\">weiw\u00f6chiges Betriebspraktikum<\/span><\/span><span style=\"font-family: Times New Roman, serif;\"><span style=\"font-size: large;\"> inkl<\/span><\/span><span style=\"font-family: Times New Roman, serif;\"><span style=\"font-size: large;\">usive<\/span><\/span><span style=\"font-family: Times New Roman, serif;\"><span style=\"font-size: large;\"> Aufgaben, Dokumentation und Zertifikat<\/span><\/span><\/li>\n<li><span style=\"font-family: Times New Roman, serif;\"><span style=\"font-size: large;\">Einf\u00fchrung des <\/span><\/span><span style=\"font-family: Times New Roman, serif;\"><span style=\"font-size: large;\">Praxislerntages<\/span><\/span><span style=\"font-family: Times New Roman, serif;\"><span style=\"font-size: large;\"> (ab 25\/26): 5 Wochen, w\u00f6chentlich ein Tag im Betrieb<\/span><\/span><\/li>\n<li><span style=\"font-family: Times New Roman, serif;\"><span style=\"font-size: large;\">Berufsmesse: Bewerbertraining, fiktive Vorstellungsgespr\u00e4che <\/span><\/span><span style=\"font-family: Times New Roman, serif;\"><span style=\"font-size: large;\">und<\/span><\/span><span style=\"font-family: Times New Roman, serif;\"><span style=\"font-size: large;\"> Vortr\u00e4ge (z.B. Bundeswehr, ScanHaus GmbH)<\/span><\/span><\/li>\n<li><span style=\"font-family: Times New Roman, serif;\"><span style=\"font-size: large;\">a<\/span><\/span><span style=\"font-family: Times New Roman, serif;\"><span style=\"font-size: large;\">uch Besuch externer Messen: <\/span><\/span><span style=\"font-family: Times New Roman, serif;\"><span style=\"font-size: large;\">V<\/span><\/span><span style=\"font-family: Times New Roman, serif;\"><span style=\"font-size: large;\">ocatium<\/span><\/span><\/li>\n<li><span style=\"font-family: Times New Roman, serif;\"><span style=\"font-size: large;\">i<\/span><\/span><span style=\"font-family: Times New Roman, serif;\"><span style=\"font-size: large;\">ndividuelle Gespr\u00e4che mit der Berufsberatung<\/span><\/span><\/li>\n<li><span style=\"font-family: Times New Roman, serif;\"><span style=\"font-size: large;\"><b>Mission ICH<\/b><\/span><\/span><span style=\"font-family: Times New Roman, serif;\"><span style=\"font-size: large;\">:<\/span><\/span>\n<ul>\n<li><span style=\"font-family: Times New Roman, serif;\"><span style=\"font-size: large;\">Praktikumsreflexion (\u201eWas habe ich \u00fcber mich gelernt?\u201c)<\/span><\/span><\/li>\n<li><span style=\"font-family: Times New Roman, serif;\"><span style=\"font-size: large;\">PowerPoint \u201eMein Wunschberuf\u201c<\/span><\/span><\/li>\n<li><span style=\"font-family: Times New Roman, serif;\"><span style=\"font-size: large;\">Feedback zu Auftreten &amp; Selbstwahrnehmung<\/span><\/span><\/li>\n<\/ul>\n<\/li>\n<\/ul>\n<h3>Klasse 10- Abschlussphase und Entscheidungsfindung<\/h3>\n<ul>\n<li><span style=\"font-family: Times New Roman, serif;\"><span style=\"font-size: large;\">AWT: wirtschaftliche Grundlagen, Rolle eines Unternehmens <\/span><\/span><span style=\"font-family: Times New Roman, serif;\"><span style=\"font-size: large;\">und<\/span><\/span><span style=\"font-family: Times New Roman, serif;\"><span style=\"font-size: large;\"> globale Zusammenh\u00e4nge<\/span><\/span><\/li>\n<li><span style=\"font-family: Times New Roman, serif;\"><span style=\"font-size: large;\">l<\/span><\/span><span style=\"font-family: Times New Roman, serif;\"><span style=\"font-size: large;\">etztes einw\u00f6chiges Praktikum<\/span><\/span><span style=\"font-family: Times New Roman, serif;\"><span style=\"font-size: large;\">, Fokus auf Unternehmensorganisation <\/span><\/span><span style=\"font-family: Times New Roman, serif;\"><span style=\"font-size: large;\">und<\/span><\/span><span style=\"font-family: Times New Roman, serif;\"><span style=\"font-size: large;\"> Auftragsabl\u00e4ufe<\/span><\/span><\/li>\n<li><span style=\"font-family: Times New Roman, serif;\"><span style=\"font-size: large;\">Berufsmesse: realit\u00e4tsnahe Einstellungstests (Sparkasse) <\/span><\/span><span style=\"font-family: Times New Roman, serif;\"><span style=\"font-size: large;\">sowie<\/span><\/span><span style=\"font-family: Times New Roman, serif;\"><span style=\"font-size: large;\"> professionelle Gespr\u00e4chstrainings<\/span><\/span><\/li>\n<li><span style=\"font-family: Times New Roman, serif;\"><span style=\"font-size: large;\">i<\/span><\/span><span style=\"font-family: Times New Roman, serif;\"><span style=\"font-size: large;\">ndividuelle Gespr\u00e4che mit der Berufsberatung<\/span><\/span><\/li>\n<li><span style=\"font-family: Times New Roman, serif;\"><span style=\"font-size: large;\"><b>Mission ICH<\/b><\/span><\/span><span style=\"font-family: Times New Roman, serif;\"><span style=\"font-size: large;\">:<\/span><\/span>\n<ul>\n<li><span style=\"font-family: Times New Roman, serif;\"><span style=\"font-size: large;\">Abschlussreflexion (\u201eWo sehe ich mich in 5 Jahren?\u201c)<\/span><\/span><\/li>\n<li><span style=\"font-family: Times New Roman, serif;\"><span style=\"font-size: large;\">Austausch \u00fcber Werte, Ziele <\/span><\/span><span style=\"font-family: Times New Roman, serif;\"><span style=\"font-size: large;\">und<\/span><\/span><span style=\"font-family: Times New Roman, serif;\"><span style=\"font-size: large;\"> Zukunftswege<\/span><\/span><\/li>\n<li><span style=\"font-family: Times New Roman, serif;\"><span style=\"font-size: large;\">individuelle Entwicklungsgespr\u00e4che mit Lehrkr\u00e4ften\/Sozialp\u00e4dagog<\/span><\/span><span style=\"font-family: Times New Roman, serif;\"><span style=\"font-size: large;\">e<\/span><\/span><span style=\"font-family: Times New Roman, serif;\"><span style=\"font-size: large;\">n<\/span><\/span><\/li>\n<\/ul>\n<\/li>\n<\/ul>\n<p><strong>Im Folgenden findet ihr n\u00fctzliche Links des Jobportals Jobb\u00f6rse.de<\/strong><\/p>\n<ul>\n<li>Ausbildung finden:\u00a0<a href=\"https:\/\/www.jobb\u00f6rse-stellenangebote.de\/ausbildung\/\">https:\/\/www.jobb\u00f6rse-stellenangebote.de\/ausbildung\/<\/a><\/li>\n<li>Praktikum finden:\u00a0<a href=\"https:\/\/www.jobb\u00f6rse-stellenangebote.de\/praktikum\/\">https:\/\/www.jobb\u00f6rse-stellenangebote.de\/praktikum\/<\/a><\/li>\n<li>Berufsorientierung: <a href=\"https:\/\/www.jobb\u00f6rse-stellenangebote.de\/jobs\/berufsfeld\/\">https:\/\/www.jobb\u00f6rse-stellenangebote.de\/jobs\/berufsfeld\/<\/a><\/li>\n<li>Stellenangebote: <a href=\"https:\/\/www.jobb\u00f6rse.de\/\">https:\/\/www.jobb\u00f6rse.de\/<\/a><\/li>\n<\/ul>\n","protected":false},"excerpt":{"rendered":"<p>Rezertifizierung des Berufswahl-SIEGELs an der Regionalen Schule Niepars Die Regionale Schule Niepars \u201eProf. Gustav Pflugradt\u201c hat erneut einen wichtigen Meilenstein in der Berufsorientierung erreicht: Am 17. Dezember 2025 fand an unserer Schule das Audit zur Rezertifizierung des Berufswahl-SIEGELs statt. In der Zeit von 9:00 bis 14:30 Uhr \u00fcberpr\u00fcfte eine Jury aus Expertinnen und Experten die Qualit\u00e4t unserer Berufsorientierung. Als Juroren waren Frau Drewniak vom Institut f\u00fcr Talententwicklung in Stralsund sowie Herr K\u00f6pcke von der Agentur f\u00fcr Arbeit Greifswald anwesend. Die Auditleitung \u00fcbernahm Herr Schulze-B\u00f6rner vom Institut f\u00fcr Qualit\u00e4tsentwicklung MV. Im Rahmen des Audits wurden die zahlreichen Aktivit\u00e4ten unserer Schule im <a href=\"https:\/\/www.schule-niepars.de\/?p=8131\" class=\"read-more\">&#8230; Weiterlesen &#8230;<\/a><\/p>\n","protected":false},"author":6,"featured_media":8132,"comment_status":"closed","ping_status":"closed","sticky":false,"template":"","format":"standard","meta":{"footnotes":""},"categories":[2,82,4],"tags":[15,17,18],"class_list":["post-8131","post","type-post","status-publish","format-standard","has-post-thumbnail","hentry","category-aktuelles","category-berufsorientierung","category-wettbewerbe","tag-beruf","tag-berufsorientierung","tag-berufswahl-siegel"],"_links":{"self":[{"href":"https:\/\/www.schule-niepars.de\/index.php?rest_route=\/wp\/v2\/posts\/8131","targetHints":{"allow":["GET"]}}],"collection":[{"href":"https:\/\/www.schule-niepars.de\/index.php?rest_route=\/wp\/v2\/posts"}],"about":[{"href":"https:\/\/www.schule-niepars.de\/index.php?rest_route=\/wp\/v2\/types\/post"}],"author":[{"embeddable":true,"href":"https:\/\/www.schule-niepars.de\/index.php?rest_route=\/wp\/v2\/users\/6"}],"replies":[{"embeddable":true,"href":"https:\/\/www.schule-niepars.de\/index.php?rest_route=%2Fwp%2Fv2%2Fcomments&post=8131"}],"version-history":[{"count":8,"href":"https:\/\/www.schule-niepars.de\/index.php?rest_route=\/wp\/v2\/posts\/8131\/revisions"}],"predecessor-version":[{"id":8141,"href":"https:\/\/www.schule-niepars.de\/index.php?rest_route=\/wp\/v2\/posts\/8131\/revisions\/8141"}],"wp:featuredmedia":[{"embeddable":true,"href":"https:\/\/www.schule-niepars.de\/index.php?rest_route=\/wp\/v2\/media\/8132"}],"wp:attachment":[{"href":"https:\/\/www.schule-niepars.de\/index.php?rest_route=%2Fwp%2Fv2%2Fmedia&parent=8131"}],"wp:term":[{"taxonomy":"category","embeddable":true,"href":"https:\/\/www.schule-niepars.de\/index.php?rest_route=%2Fwp%2Fv2%2Fcategories&post=8131"},{"taxonomy":"post_tag","embeddable":true,"href":"https:\/\/www.schule-niepars.de\/index.php?rest_route=%2Fwp%2Fv2%2Ftags&post=8131"}],"curies":[{"name":"wp","href":"https:\/\/api.w.org\/{rel}","templated":true}]}}