{"id":8155,"date":"2026-04-27T14:37:58","date_gmt":"2026-04-27T12:37:58","guid":{"rendered":"https:\/\/www.schule-niepars.de\/?p=8155"},"modified":"2026-04-27T17:00:36","modified_gmt":"2026-04-27T15:00:36","slug":"fruehlingsfest-2026","status":"publish","type":"post","link":"https:\/\/www.schule-niepars.de\/?p=8155","title":{"rendered":"Fr\u00fchlingsfest 2026"},"content":{"rendered":"<h2>Nieparser Schulgemeinschaft begr\u00fc\u00dft den Fr\u00fchling<\/h2>\n<p>Wenn bunte Wimpelketten den Schulhof schm\u00fccken und die Ziergeh\u00f6lze mit ihren wei\u00dfen Bl\u00fcten leuchten, dann ist Fr\u00fchling.<\/p>\n<p>Ein hervorragendes Festprogramm mit Beitragen von der ersten bis zur zehnten Jahrgangsstufe lockte zahlreiche Eltern und G\u00e4ste am Freitag, den 17.04.2026, in die Regionale Schule \u201eProf. Gustav Pflugradt\u201c, um gemeinsam das Fr\u00fchlingsfest zu feiern.<\/p>\n<p>Bevor auf der Aulab\u00fchne durch die Kinder der zweiten Klassen das anderthalbst\u00fcndige Programm mit dem Lied \u201eImmer wieder kommt ein neuer Fr\u00fchling\u201c er\u00f6ffnet wurde, gab es auf dem Gel\u00e4nde noch viel zu tun. Traditionsgem\u00e4\u00df bauten Sch\u00fcler und Eltern den Grill und ein Caf\u00e9 mit leckerem, selbstgebackenem Kuchen zur Versorgung der G\u00e4ste auf. Au\u00dferdem konnten sich die Kinder mit fr\u00fchlingshaften Bildmotiven themengerecht schminken lassen und mit etwas Gl\u00fcck gab es tolle Preise bei der Tombola, die zum Teil durch ortsans\u00e4ssige Unternehmen gesponsert wurden.<\/p>\n<p>Die Besucher waren sich einig in ihrem Lob f\u00fcr die Auftritte der Kinder und Jugendlichen, die von neuen und bekannten Liedern, Gedichten und Tanzdarbietungen bis zu hervorragenden Instrumentalbeitr\u00e4gen auf der Gitarre, am Klavier, mit dem Akkordeon, dem Saxofon und der Querfl\u00f6te reichten.<\/p>\n<p>Es wurde gerappt, geklatscht und die Becher beim \u201eCup Song\u201c unserer j\u00fcngsten Teilnehmer der ersten Klassen rhythmisch in Szene gesetzt.<\/p>\n<p>Beeindruckende Sologes\u00e4nge von Lea, Emma, Hanna und Sara aus den 4. Klassen, Gina aus der 7b, David und Fynn aus der Jahrgangsstufe 9 und unserer ehemaligen Sch\u00fclerin Jasmin Clare, die es sich nicht nehmen lassen hat, bei diesem besonderen H\u00f6hepunkt mitzuwirken, gingen regelrecht unter die Haut.<\/p>\n<p>Das gro\u00dfe Spektrum der Beitr\u00e4ge verdeutlichte, dass die Sch\u00fclerinnen und Sch\u00fcler der Schule in Niepars gro\u00dfartige Talente besitzen und diese neben dem Schulalltag auch in ihrer Freizeit mit viel Herzblut und Engagement vervollkommnen. Viele Darbietungen spiegelten dabei Themen aus ihrer unmittelbaren Lebenswelt wider und begeisterten das Publikum.<\/p>\n<p>Der Boomwaker-Auftritt der dritten Klassen und der Mitmachsong \u201eWir haben oben gute Laune\u201c, pr\u00e4sentiert von der gesamten Grundschule, verdeutlichte klar die fantastische Stimmung an diesem sonnigen Fr\u00fchlingstag.<\/p>\n<p>Menschen feiern weltweit den Fr\u00fchling als Ausdruck neuen Lebens, steigender Lebensfreude und Leichtigkeit des Seins- somit h\u00e4tte der Song des gro\u00dfen Schlusschores \u201eViva la Vida- Es lebe das Leben\u201c nicht treffender sein k\u00f6nnen.<\/p>\n<p>Wir danken allen Organisatoren, Mitwirkenden vor und hinter der B\u00fchne und unseren charmanten Programmsprecherinnen Pia und Emily aus der Klasse 9b f\u00fcr diese gelungene Veranstaltung.<\/p>\n<div id='gallery-1' class='gallery galleryid-8155 gallery-columns-3 gallery-size-thumbnail'><figure class='gallery-item'>\n\t\t\t<div class='gallery-icon landscape'>\n\t\t\t\t<a href='https:\/\/www.schule-niepars.de\/?attachment_id=8173'><img loading=\"lazy\" decoding=\"async\" width=\"150\" height=\"150\" src=\"https:\/\/www.schule-niepars.de\/wp-content\/uploads\/2026\/04\/Fruehlingsfest_2026_4-150x150.jpg\" class=\"attachment-thumbnail size-thumbnail\" alt=\"\" \/><\/a>\n\t\t\t<\/div><\/figure><figure class='gallery-item'>\n\t\t\t<div class='gallery-icon landscape'>\n\t\t\t\t<a href='https:\/\/www.schule-niepars.de\/?attachment_id=8174'><img loading=\"lazy\" decoding=\"async\" width=\"150\" height=\"150\" src=\"https:\/\/www.schule-niepars.de\/wp-content\/uploads\/2026\/04\/Fruehlingsfest_2026_5-150x150.jpg\" class=\"attachment-thumbnail size-thumbnail\" alt=\"\" \/><\/a>\n\t\t\t<\/div><\/figure><figure class='gallery-item'>\n\t\t\t<div class='gallery-icon landscape'>\n\t\t\t\t<a href='https:\/\/www.schule-niepars.de\/?attachment_id=8175'><img loading=\"lazy\" decoding=\"async\" width=\"150\" height=\"150\" src=\"https:\/\/www.schule-niepars.de\/wp-content\/uploads\/2026\/04\/Fruehlingsfest_2026_6-150x150.jpg\" class=\"attachment-thumbnail size-thumbnail\" alt=\"\" \/><\/a>\n\t\t\t<\/div><\/figure><figure class='gallery-item'>\n\t\t\t<div class='gallery-icon landscape'>\n\t\t\t\t<a href='https:\/\/www.schule-niepars.de\/?attachment_id=8177'><img loading=\"lazy\" decoding=\"async\" width=\"150\" height=\"150\" src=\"https:\/\/www.schule-niepars.de\/wp-content\/uploads\/2026\/04\/Fruehlinsfest_2026_3-150x150.jpg\" class=\"attachment-thumbnail size-thumbnail\" alt=\"\" \/><\/a>\n\t\t\t<\/div><\/figure><figure class='gallery-item'>\n\t\t\t<div class='gallery-icon landscape'>\n\t\t\t\t<a href='https:\/\/www.schule-niepars.de\/?attachment_id=8171'><img loading=\"lazy\" decoding=\"async\" width=\"150\" height=\"150\" src=\"https:\/\/www.schule-niepars.de\/wp-content\/uploads\/2026\/04\/Fruehlingsfest_2026_1-150x150.jpg\" class=\"attachment-thumbnail size-thumbnail\" alt=\"\" \/><\/a>\n\t\t\t<\/div><\/figure><figure class='gallery-item'>\n\t\t\t<div class='gallery-icon landscape'>\n\t\t\t\t<a href='https:\/\/www.schule-niepars.de\/?attachment_id=8172'><img loading=\"lazy\" decoding=\"async\" width=\"150\" height=\"150\" src=\"https:\/\/www.schule-niepars.de\/wp-content\/uploads\/2026\/04\/Fruehlingsfest_2026_2-150x150.jpg\" class=\"attachment-thumbnail size-thumbnail\" alt=\"\" \/><\/a>\n\t\t\t<\/div><\/figure>\n\t\t<\/div>\n\n","protected":false},"excerpt":{"rendered":"<p>Nieparser Schulgemeinschaft begr\u00fc\u00dft den Fr\u00fchling Wenn bunte Wimpelketten den Schulhof schm\u00fccken und die Ziergeh\u00f6lze mit ihren wei\u00dfen Bl\u00fcten leuchten, dann ist Fr\u00fchling. Ein hervorragendes Festprogramm mit Beitragen von der ersten bis zur zehnten Jahrgangsstufe lockte zahlreiche Eltern und G\u00e4ste am Freitag, den 17.04.2026, in die Regionale Schule \u201eProf. Gustav Pflugradt\u201c, um gemeinsam das Fr\u00fchlingsfest zu feiern. Bevor auf der Aulab\u00fchne durch die Kinder der zweiten Klassen das anderthalbst\u00fcndige Programm mit dem Lied \u201eImmer wieder kommt ein neuer Fr\u00fchling\u201c er\u00f6ffnet wurde, gab es auf dem Gel\u00e4nde noch viel zu tun. Traditionsgem\u00e4\u00df bauten Sch\u00fcler und Eltern den Grill und ein Caf\u00e9 mit <a href=\"https:\/\/www.schule-niepars.de\/?p=8155\" class=\"read-more\">&#8230; Weiterlesen &#8230;<\/a><\/p>\n","protected":false},"author":6,"featured_media":8176,"comment_status":"closed","ping_status":"closed","sticky":false,"template":"","format":"standard","meta":{"footnotes":""},"categories":[2],"tags":[109],"class_list":["post-8155","post","type-post","status-publish","format-standard","has-post-thumbnail","hentry","category-aktuelles","tag-fruehlingsfest"],"_links":{"self":[{"href":"https:\/\/www.schule-niepars.de\/index.php?rest_route=\/wp\/v2\/posts\/8155","targetHints":{"allow":["GET"]}}],"collection":[{"href":"https:\/\/www.schule-niepars.de\/index.php?rest_route=\/wp\/v2\/posts"}],"about":[{"href":"https:\/\/www.schule-niepars.de\/index.php?rest_route=\/wp\/v2\/types\/post"}],"author":[{"embeddable":true,"href":"https:\/\/www.schule-niepars.de\/index.php?rest_route=\/wp\/v2\/users\/6"}],"replies":[{"embeddable":true,"href":"https:\/\/www.schule-niepars.de\/index.php?rest_route=%2Fwp%2Fv2%2Fcomments&post=8155"}],"version-history":[{"count":9,"href":"https:\/\/www.schule-niepars.de\/index.php?rest_route=\/wp\/v2\/posts\/8155\/revisions"}],"predecessor-version":[{"id":8181,"href":"https:\/\/www.schule-niepars.de\/index.php?rest_route=\/wp\/v2\/posts\/8155\/revisions\/8181"}],"wp:featuredmedia":[{"embeddable":true,"href":"https:\/\/www.schule-niepars.de\/index.php?rest_route=\/wp\/v2\/media\/8176"}],"wp:attachment":[{"href":"https:\/\/www.schule-niepars.de\/index.php?rest_route=%2Fwp%2Fv2%2Fmedia&parent=8155"}],"wp:term":[{"taxonomy":"category","embeddable":true,"href":"https:\/\/www.schule-niepars.de\/index.php?rest_route=%2Fwp%2Fv2%2Fcategories&post=8155"},{"taxonomy":"post_tag","embeddable":true,"href":"https:\/\/www.schule-niepars.de\/index.php?rest_route=%2Fwp%2Fv2%2Ftags&post=8155"}],"curies":[{"name":"wp","href":"https:\/\/api.w.org\/{rel}","templated":true}]}}